{"id":101,"date":"2023-10-11T16:30:00","date_gmt":"2023-10-11T21:30:00","guid":{"rendered":"https:\/\/asmufare.org\/?p=101"},"modified":"2025-04-07T17:28:47","modified_gmt":"2025-04-07T22:28:47","slug":"1er-festival-saberes-sabores-y-colores","status":"publish","type":"post","link":"https:\/\/asmufare.org\/?p=101","title":{"rendered":"1er Festival Saberes Sabores y Colores"},"content":{"rendered":"\n<p><strong>Proyecto apoyado por <a href=\"https:\/\/biolink.info\/minculturas\">@mincultura<\/a> Programa Nacional de Concertaci\u00f3n cultural.<\/strong><\/p>\n\n\n\n<p>Hablar de <em><strong>Saberes, Sabores y Colores<\/strong><\/em> es hablar de mujeres creando territorios libres y en paz. El domingo 8 de octubre de 2023, en las canchas deportivas del barrio Ciudad Dorada, al sur de la ciudad de Armenia, se realiz\u00f3 con gran \u00e9xito el primer Festival para \u201cAcuerpar y sentipensar el territorio\u201d, pensado para la reconstrucci\u00f3n de la memoria de la tierra Asmufare y sus unidades productivas desde el encuentro y la celebraci\u00f3n intercultural.<\/p>\n\n\n\n<p>Cuando hablamos de territorio no \u00fanicamente pensamos en un espacio geogr\u00e1fico. La interculturalidad motiva la comprensi\u00f3n, tanto de los lugares como de la sociedad heterog\u00e9nea que la componen con respecto al pensamiento hecho acci\u00f3n y obra. Aqu\u00ed convergen estilos y pensamientos, que forjan un proyecto de vida, donde la ense\u00f1anza popular y la tecnolog\u00eda del conocimiento son alternativas al desarrollo. Es as\u00ed, como durante el Festival, diversos emprendimientos compartieron sus conocimientos, desde las tradiciones, la cultura, el arte, el alimento, la m\u00fasica; acompa\u00f1ados por la comunidad barrial y por la grata conversa con amigos y amigas, la lluvia de un d\u00eda nublado y el crep\u00fasculo de una tarde de domingo.<\/p>\n\n\n\n<p>Los <em>Saberes<\/em> se tejieron desde el sentir, en donde La Vaguada, se expres\u00f3 como el proceso de cuidado de quebradas y guaduales que cubren el territorio Asmufare, en consonancia con la bio-construcci\u00f3n y la digna memoria de Jos\u00e9 Ricaurte Quintero, miembro de Asmufare, asesinado hace unos meses, pero que a\u00fan vive en el recuerdo de su familia y su comunidad; los <em>Sabores<\/em> se cosieron desde la olla popular, con Natural Cid y la transformaci\u00f3n de alimentos, porque desde el fuego la palabra cobra vida y guarda los relatos del pueblo; los <em>Colores<\/em> se pintaron desde los matices de los alimentos y la naturaleza en el Vivero inclusivo y los talleres creativos, para aprender a plantar y conservar la semilla.<\/p>\n\n\n\n<p>El encuentro permiti\u00f3 honrar el reconocimiento al proceso de Asmufare, donde Mujeres Multi\u00e9tnicas y sus Familias Retornando, re-significan su territorio como productor de conocimientos, de relatos y de otras maneras de vivir; como lugar de sabores y de econom\u00edas propias; ese lugar de resistencia, de reivindicaci\u00f3n del derecho a habitar sea en la ciudad, sea en el campo; un lugar de interculturalidad, de ritmos, de arte y de emancipaci\u00f3n. Este recorrer tiene como objetivo la consolidaci\u00f3n de una Granja Escuela Itinerante, que permita mejorar las condiciones de buen vivir, la reconciliaci\u00f3n y construcci\u00f3n de paz plasmado en el Ba\u00fal de la Esperanza del Informe de la Comisi\u00f3n de la Verdad, y el fortalecimiento de una Reserva Campesina, que reconozca el acceder a la tierra, ya sea desde un proceso de Restituci\u00f3n, por Acuerdo de Reforma Agraria o por Propuesta Comunitaria.<\/p>\n\n\n\n<p>La Reserva Campesina, tambi\u00e9n es comprendida como un territorio virtual y medio comunicativo para unir el campo y la ciudad; un centro de documentaci\u00f3n desde el conocimiento popular y acad\u00e9mico, incluyendo talleres para mujeres, que permitan el cuidado propio, las econom\u00edas sostenibles y el acceso a herramientas y tecnolog\u00edas libres para el uso popular y comunitario como intercambio de experiencias y creaci\u00f3n de conocimientos. Que esta sea la oportunidad para continuar re-significando los Saberes, los Sabores y los Colores del territorio Asmufare.<\/p>\n\n\n<div class=\"wp-block-image\">\n<figure class=\"aligncenter size-large is-resized\"><img loading=\"lazy\" decoding=\"async\" width=\"662\" height=\"1024\" src=\"https:\/\/asmufare.org\/wp-content\/uploads\/2025\/04\/photo_1_2025-04-07_17-23-47-662x1024.jpg\" alt=\"\" class=\"wp-image-1006\" style=\"aspect-ratio:0.6494140625;width:840px;height:auto\" srcset=\"https:\/\/asmufare.org\/wp-content\/uploads\/2025\/04\/photo_1_2025-04-07_17-23-47-662x1024.jpg 662w, https:\/\/asmufare.org\/wp-content\/uploads\/2025\/04\/photo_1_2025-04-07_17-23-47-194x300.jpg 194w, https:\/\/asmufare.org\/wp-content\/uploads\/2025\/04\/photo_1_2025-04-07_17-23-47-768x1187.jpg 768w, https:\/\/asmufare.org\/wp-content\/uploads\/2025\/04\/photo_1_2025-04-07_17-23-47.jpg 828w\" sizes=\"auto, (max-width: 662px) 100vw, 662px\" \/><\/figure>\n<\/div>\n\n\nngg_shortcode_0_placeholder\n","protected":false},"excerpt":{"rendered":"<p>Proyecto apoyado por @mincultura Programa Nacional de Concertaci\u00f3n cultural. Hablar de Saberes, Sabores y Colores es hablar de mujeres creando territorios libres y en paz. &hellip; <\/p>\n","protected":false},"author":3,"featured_media":173,"comment_status":"closed","ping_status":"closed","sticky":false,"template":"","format":"standard","meta":{"ngg_post_thumbnail":0,"footnotes":""},"categories":[7,12],"tags":[],"class_list":["post-101","post","type-post","status-publish","format-standard","has-post-thumbnail","hentry","category-1-festival-saberes-sabores-y-colores","category-festivales"],"_links":{"self":[{"href":"https:\/\/asmufare.org\/index.php?rest_route=\/wp\/v2\/posts\/101","targetHints":{"allow":["GET"]}}],"collection":[{"href":"https:\/\/asmufare.org\/index.php?rest_route=\/wp\/v2\/posts"}],"about":[{"href":"https:\/\/asmufare.org\/index.php?rest_route=\/wp\/v2\/types\/post"}],"author":[{"embeddable":true,"href":"https:\/\/asmufare.org\/index.php?rest_route=\/wp\/v2\/users\/3"}],"replies":[{"embeddable":true,"href":"https:\/\/asmufare.org\/index.php?rest_route=%2Fwp%2Fv2%2Fcomments&post=101"}],"version-history":[{"count":2,"href":"https:\/\/asmufare.org\/index.php?rest_route=\/wp\/v2\/posts\/101\/revisions"}],"predecessor-version":[{"id":1009,"href":"https:\/\/asmufare.org\/index.php?rest_route=\/wp\/v2\/posts\/101\/revisions\/1009"}],"wp:featuredmedia":[{"embeddable":true,"href":"https:\/\/asmufare.org\/index.php?rest_route=\/"}],"wp:attachment":[{"href":"https:\/\/asmufare.org\/index.php?rest_route=%2Fwp%2Fv2%2Fmedia&parent=101"}],"wp:term":[{"taxonomy":"category","embeddable":true,"href":"https:\/\/asmufare.org\/index.php?rest_route=%2Fwp%2Fv2%2Fcategories&post=101"},{"taxonomy":"post_tag","embeddable":true,"href":"https:\/\/asmufare.org\/index.php?rest_route=%2Fwp%2Fv2%2Ftags&post=101"}],"curies":[{"name":"wp","href":"https:\/\/api.w.org\/{rel}","templated":true}]}}