{"id":1053,"date":"2025-11-14T20:46:01","date_gmt":"2025-11-15T01:46:01","guid":{"rendered":"https:\/\/asmufare.org\/?p=1053"},"modified":"2025-11-14T20:46:02","modified_gmt":"2025-11-15T01:46:02","slug":"danzas-yanaconas","status":"publish","type":"post","link":"https:\/\/asmufare.org\/?p=1053","title":{"rendered":"Danzas Yanaconas"},"content":{"rendered":"\n<p><\/p>\n\n\n\n<p>Las expresiones art\u00edsticas fueron el alma vibrante de la tarde del 2\u00b0 Festival, Saberes, Sabores y Colores realizado en la ciudad de Armenia-Quind\u00edo, donde cada una de las presentaciones fue una ventana abierta a los sue\u00f1os, las ra\u00edces y las luchas que habitan en los territorios. <\/p>\n\n\n\n<p>La jornada comenz\u00f3 con las danzas Yanaconas, que nos ofrecieron tres bailes cargados de simbolismos y sabidur\u00eda ancestral. A trav\u00e9s de sus movimientos, compartieron la cosmovisi\u00f3n de los pueblos originarios, record\u00e1ndonos que la danza tambi\u00e9n es una forma de contar historia.   <\/p>\n\n\n\n<figure class=\"wp-block-gallery has-nested-images columns-default is-cropped wp-block-gallery-1 is-layout-flex wp-block-gallery-is-layout-flex\">\n<figure class=\"wp-block-image size-large\"><img loading=\"lazy\" decoding=\"async\" width=\"1024\" height=\"768\" data-id=\"1062\" src=\"https:\/\/asmufare.org\/wp-content\/uploads\/2025\/11\/DANZAS-YANACONA-1024x768.jpg\" alt=\"\" class=\"wp-image-1062\" srcset=\"https:\/\/asmufare.org\/wp-content\/uploads\/2025\/11\/DANZAS-YANACONA-1024x768.jpg 1024w, https:\/\/asmufare.org\/wp-content\/uploads\/2025\/11\/DANZAS-YANACONA-300x225.jpg 300w, https:\/\/asmufare.org\/wp-content\/uploads\/2025\/11\/DANZAS-YANACONA-768x576.jpg 768w, https:\/\/asmufare.org\/wp-content\/uploads\/2025\/11\/DANZAS-YANACONA-1536x1152.jpg 1536w, https:\/\/asmufare.org\/wp-content\/uploads\/2025\/11\/DANZAS-YANACONA.jpg 1600w\" sizes=\"auto, (max-width: 1024px) 100vw, 1024px\" \/><figcaption class=\"wp-element-caption\">Grupo de Danzas Yanacona, danzando al rededor de un circulo con la bandera Wipala.<\/figcaption><\/figure>\n<\/figure>\n\n\n\n<p><\/p>\n","protected":false},"excerpt":{"rendered":"<p>Las expresiones art\u00edsticas fueron el alma vibrante de la tarde del 2\u00b0 Festival, Saberes, Sabores y Colores realizado en la ciudad de Armenia-Quind\u00edo, donde cada &hellip; <\/p>\n","protected":false},"author":14,"featured_media":1062,"comment_status":"closed","ping_status":"closed","sticky":false,"template":"","format":"standard","meta":{"ngg_post_thumbnail":0,"footnotes":""},"categories":[51,11,12],"tags":[55,53,54,52],"class_list":["post-1053","post","type-post","status-publish","format-standard","has-post-thumbnail","hentry","category-2-festival-saberes-sabores-y-colores","category-cultura","category-festivales","tag-ancestral","tag-bailes","tag-raices","tag-yanaconas"],"_links":{"self":[{"href":"https:\/\/asmufare.org\/index.php?rest_route=\/wp\/v2\/posts\/1053","targetHints":{"allow":["GET"]}}],"collection":[{"href":"https:\/\/asmufare.org\/index.php?rest_route=\/wp\/v2\/posts"}],"about":[{"href":"https:\/\/asmufare.org\/index.php?rest_route=\/wp\/v2\/types\/post"}],"author":[{"embeddable":true,"href":"https:\/\/asmufare.org\/index.php?rest_route=\/wp\/v2\/users\/14"}],"replies":[{"embeddable":true,"href":"https:\/\/asmufare.org\/index.php?rest_route=%2Fwp%2Fv2%2Fcomments&post=1053"}],"version-history":[{"count":3,"href":"https:\/\/asmufare.org\/index.php?rest_route=\/wp\/v2\/posts\/1053\/revisions"}],"predecessor-version":[{"id":1065,"href":"https:\/\/asmufare.org\/index.php?rest_route=\/wp\/v2\/posts\/1053\/revisions\/1065"}],"wp:featuredmedia":[{"embeddable":true,"href":"https:\/\/asmufare.org\/index.php?rest_route=\/wp\/v2\/media\/1062"}],"wp:attachment":[{"href":"https:\/\/asmufare.org\/index.php?rest_route=%2Fwp%2Fv2%2Fmedia&parent=1053"}],"wp:term":[{"taxonomy":"category","embeddable":true,"href":"https:\/\/asmufare.org\/index.php?rest_route=%2Fwp%2Fv2%2Fcategories&post=1053"},{"taxonomy":"post_tag","embeddable":true,"href":"https:\/\/asmufare.org\/index.php?rest_route=%2Fwp%2Fv2%2Ftags&post=1053"}],"curies":[{"name":"wp","href":"https:\/\/api.w.org\/{rel}","templated":true}]}}