{"id":216,"date":"2023-10-13T11:27:27","date_gmt":"2023-10-13T16:27:27","guid":{"rendered":"https:\/\/asmufare.org\/?p=216"},"modified":"2023-10-13T11:27:27","modified_gmt":"2023-10-13T16:27:27","slug":"postres_w","status":"publish","type":"post","link":"https:\/\/asmufare.org\/?p=216","title":{"rendered":"Postres_W"},"content":{"rendered":"\n<p class=\"has-text-align-left\">En este emprendimiento podr\u00e1s encontrar deliciosos postres a base de frutas, al igual que unas deliciosas fresas con crema.<\/p>\n\n\n\n<p><strong><em>Postres<\/em><\/strong><\/p>\n\n\n\n<p><em><strong>Sabores disponibles:<\/strong><\/em><\/p>\n\n\n\n<ul class=\"wp-block-list\">\n<li>Caf\u00e9<\/li>\n\n\n\n<li>Mora<\/li>\n\n\n\n<li>Milo<\/li>\n\n\n\n<li>Lim\u00f3n<\/li>\n\n\n\n<li>Maracuy\u00e1<\/li>\n\n\n\n<li>Tiramis\u00fa<\/li>\n<\/ul>\n\n\n\n<p><strong><em>Fresas con crema:<\/em><\/strong><\/p>\n\n\n\n<p>Tendr\u00e1s la opci\u00f3n de elegirlas en su presentaci\u00f3n b\u00e1sica (fresa con crema) y tambi\u00e9n tendr\u00e1s la opci\u00f3n de agregarle el topping de tu preferencia.<\/p>\n\n\n\n<p><strong><em>Toppings:<\/em><\/strong><\/p>\n\n\n\n<ul class=\"wp-block-list\">\n<li>Chips de chocolate<\/li>\n\n\n\n<li>Queso<\/li>\n\n\n\n<li>Coco<\/li>\n\n\n\n<li>Chocokrispis<\/li>\n\n\n\n<li>Zucaritas<\/li>\n<\/ul>\n\n\n\n<p>Encarga tu pedido<\/p>\n\n\n\n<p><strong><em>Contacto:<\/em><\/strong><\/p>\n\n\n\n<p><strong>Tel: 302 680 63 63 &#8211; 312 684 23 57<\/strong><\/p>\n","protected":false},"excerpt":{"rendered":"<p>En este emprendimiento podr\u00e1s encontrar deliciosos postres a base de frutas, al igual que unas deliciosas fresas con crema. Postres Sabores disponibles: Fresas con crema: &hellip; <\/p>\n","protected":false},"author":5,"featured_media":604,"comment_status":"closed","ping_status":"closed","sticky":false,"template":"","format":"standard","meta":{"ngg_post_thumbnail":0,"footnotes":""},"categories":[7,10],"tags":[30],"class_list":["post-216","post","type-post","status-publish","format-standard","has-post-thumbnail","hentry","category-1-festival-saberes-sabores-y-colores","category-portafolio-saberes","tag-postres"],"_links":{"self":[{"href":"https:\/\/asmufare.org\/index.php?rest_route=\/wp\/v2\/posts\/216","targetHints":{"allow":["GET"]}}],"collection":[{"href":"https:\/\/asmufare.org\/index.php?rest_route=\/wp\/v2\/posts"}],"about":[{"href":"https:\/\/asmufare.org\/index.php?rest_route=\/wp\/v2\/types\/post"}],"author":[{"embeddable":true,"href":"https:\/\/asmufare.org\/index.php?rest_route=\/wp\/v2\/users\/5"}],"replies":[{"embeddable":true,"href":"https:\/\/asmufare.org\/index.php?rest_route=%2Fwp%2Fv2%2Fcomments&post=216"}],"version-history":[{"count":0,"href":"https:\/\/asmufare.org\/index.php?rest_route=\/wp\/v2\/posts\/216\/revisions"}],"wp:featuredmedia":[{"embeddable":true,"href":"https:\/\/asmufare.org\/index.php?rest_route=\/"}],"wp:attachment":[{"href":"https:\/\/asmufare.org\/index.php?rest_route=%2Fwp%2Fv2%2Fmedia&parent=216"}],"wp:term":[{"taxonomy":"category","embeddable":true,"href":"https:\/\/asmufare.org\/index.php?rest_route=%2Fwp%2Fv2%2Fcategories&post=216"},{"taxonomy":"post_tag","embeddable":true,"href":"https:\/\/asmufare.org\/index.php?rest_route=%2Fwp%2Fv2%2Ftags&post=216"}],"curies":[{"name":"wp","href":"https:\/\/api.w.org\/{rel}","templated":true}]}}