{"id":289,"date":"2023-10-13T13:08:40","date_gmt":"2023-10-13T18:08:40","guid":{"rendered":"https:\/\/asmufare.org\/?p=289"},"modified":"2023-10-13T13:08:40","modified_gmt":"2023-10-13T18:08:40","slug":"descolgadas-de-la-cordillera-del-quindio","status":"publish","type":"post","link":"https:\/\/asmufare.org\/?p=289","title":{"rendered":"Descolgadas de la Cordillera del Quind\u00edo"},"content":{"rendered":"\n<p>Escrito por: <strong>Luis Restrepo Aristiz\u00e1bal<\/strong><\/p>\n\n\n\n<p>Se desliza por la roca monta\u00f1era la gota de agua que traves\u00eda abajo ruge como torrente. Brota de una cordillera en constante formaci\u00f3n el elixir que impregna la tierra y empapa la semilla. De monta\u00f1as ricas en minerales y tierras volc\u00e1nicas, que guardan el pasado impetuoso del movimiento interno de las capas \u00edgneas que fluyen como lava para renovar los ciclos de la naturaleza. Queda la voluntad del cielo y de la tierra, entre nubes, nevados y p\u00e1ramos, para contener el desborde del cambio del clima y la salvaguarda de la frontera que nos separa de la sequ\u00eda y la sed.<\/p>\n\n\n\n<p>La Hoya del Quind\u00edo guarda un colch\u00f3n sublime, rodeado de monta\u00f1as y r\u00edos, que parecen manos que descuelgan de la cordillera como caminos de quebradas y ca\u00f1adas, cruzando pueblos e historias. V\u00e9rtebras que afloran en las colinas en medio de ca\u00f1ones colmados de guaduales, guatines, barranqueros y ranas de cristal, que hacen curvas por veredas y entran a la localidad central.<\/p>\n\n\n\n<p><strong><em>54 quebradas*<\/em><\/strong> tiene Armenia. La capital del departamento del Quind\u00edo toma sus aguas del ca\u00f1\u00f3n al norte que proviene de las altas monta\u00f1as en el Parque Nacional Natural de los Nevados. Descarga sus aguas excedentes en gran parte de estos afluentes, representadas en <strong><em>18 microcuencas*<\/em><\/strong>, concavidades que son portales a la naturaleza en medio de una urbanidad agobiada por un modelo de desarrollo que canaliz\u00f3 sus aguas y olvid\u00f3 su senda original. Corredores biol\u00f3gicos que salvaguardan los suelos y los techos de comunidades rurales desplazadas por la indiferencia de un sistema hegem\u00f3nico de violencia estructural, donde Mujeres Multi\u00e9tnicas y sus Familias Retornando, re-significan su territorio como productor de conocimientos, de relatos y de otras maneras de vivir; como lugar de sabores y de econom\u00edas propias; ese lugar de resistencia, de reivindicaci\u00f3n del derecho a habitar sea en la ciudad, sea en el campo; un lugar de interculturalidad, de ritmos, de arte y de emancipaci\u00f3n.<\/p>\n\n\n\n<p>El agua que bebemos aflora en el Paramillo del Quind\u00edo y se alimenta con Estrella de agua; se ramifica en direcci\u00f3n norte a sur y de este a oeste, fluyendo por el centro de la Hoya, recogiendo las memorias de nuestra relaci\u00f3n \u00edntima con esta tierra privilegiada; r\u00edos y quebradas bajan al valle que bordea el r\u00edo de La Vieja, que luego, en direcci\u00f3n norte, se desparrama hacia el gran r\u00edo Cauca.<\/p>\n\n\n\n<p>En medio de las cordilleras Central y Occidental se descargan nuestras aguas, las que kil\u00f3metros despu\u00e9s hacia el Mar Caribe son violentadas y represadas; las que cruzaron los d\u00e9spotas acorazados de anta\u00f1o en medio de extensas selvas de guadales; las que bebemos y disfrutamos; las que nacen y acontecen en el Territorio de Vida Quind\u00edo.<\/p>\n\n\n\n<figure class=\"wp-block-image alignwide size-large\"><img decoding=\"async\" src=\"https:\/\/asmufare.org\/wp-content\/uploads\/2023\/10\/cristalina-1024x682.webp\" alt=\"\" class=\"wp-image-188\"\/><\/figure>\n\n\n\n<p><strong>*Datos de Diagn\u00f3stico Municipal del Plan de Ordenamiento Territorial de Armenia (2009-2023)<\/strong><\/p>\n\n\n\n<p><\/p>\n","protected":false},"excerpt":{"rendered":"<p>Escrito por: Luis Restrepo Aristiz\u00e1bal Se desliza por la roca monta\u00f1era la gota de agua que traves\u00eda abajo ruge como torrente. Brota de una cordillera &hellip; <\/p>\n","protected":false},"author":8,"featured_media":684,"comment_status":"closed","ping_status":"closed","sticky":false,"template":"","format":"standard","meta":{"ngg_post_thumbnail":0,"footnotes":""},"categories":[6,16],"tags":[35,36,37,38,39],"class_list":["post-289","post","type-post","status-publish","format-standard","has-post-thumbnail","hentry","category-ambiental","category-publicaciones","tag-agua","tag-asmufare","tag-cordillera-del-quindio","tag-paramillo-del-quindio","tag-quebradas"],"_links":{"self":[{"href":"https:\/\/asmufare.org\/index.php?rest_route=\/wp\/v2\/posts\/289","targetHints":{"allow":["GET"]}}],"collection":[{"href":"https:\/\/asmufare.org\/index.php?rest_route=\/wp\/v2\/posts"}],"about":[{"href":"https:\/\/asmufare.org\/index.php?rest_route=\/wp\/v2\/types\/post"}],"author":[{"embeddable":true,"href":"https:\/\/asmufare.org\/index.php?rest_route=\/wp\/v2\/users\/8"}],"replies":[{"embeddable":true,"href":"https:\/\/asmufare.org\/index.php?rest_route=%2Fwp%2Fv2%2Fcomments&post=289"}],"version-history":[{"count":0,"href":"https:\/\/asmufare.org\/index.php?rest_route=\/wp\/v2\/posts\/289\/revisions"}],"wp:featuredmedia":[{"embeddable":true,"href":"https:\/\/asmufare.org\/index.php?rest_route=\/"}],"wp:attachment":[{"href":"https:\/\/asmufare.org\/index.php?rest_route=%2Fwp%2Fv2%2Fmedia&parent=289"}],"wp:term":[{"taxonomy":"category","embeddable":true,"href":"https:\/\/asmufare.org\/index.php?rest_route=%2Fwp%2Fv2%2Fcategories&post=289"},{"taxonomy":"post_tag","embeddable":true,"href":"https:\/\/asmufare.org\/index.php?rest_route=%2Fwp%2Fv2%2Ftags&post=289"}],"curies":[{"name":"wp","href":"https:\/\/api.w.org\/{rel}","templated":true}]}}