{"id":309,"date":"2023-10-13T17:50:15","date_gmt":"2023-10-13T22:50:15","guid":{"rendered":"https:\/\/asmufare.org\/?p=309"},"modified":"2023-10-13T17:50:15","modified_gmt":"2023-10-13T22:50:15","slug":"centro-de-bienestar-del-anciano-el-carmen-de-armenia","status":"publish","type":"post","link":"https:\/\/asmufare.org\/?p=309","title":{"rendered":"Caracterizaci\u00f3n Centro de Bienestar del Anciano el Carmen y Ciudad Dorada Armenia"},"content":{"rendered":"\n<p><strong>Por: Adriana Garc\u00eda<\/strong><\/p>\n\n\n\n<p>El proyecto inicia entre Asmufare y el centro con un acercamiento por una petici\u00f3n que hizo la asociaci\u00f3n al director Arcesio Campo a qui\u00e9n se le propuso un espacio para hacer unas huertas. El espacio lo tenia el centro perdido ya que no se hac\u00eda nada ah\u00ed era solo monte, eso s\u00ed tierra f\u00e9rtil para implementar una huerta.<\/p>\n\n\n\n<p>El director del centro acogi\u00f3 la propuesta y dio el permiso para que se iniciara el proceso, desde inicio del proyecto \u00e9l mostro voluntad en apoyar nuestra idea. Se ha trabajado de manera concertada, unas veces el centro pone las herramientas, otras materiales o con jornales que sirven para estimular la participaci\u00f3n de quienes ven en este trabajo una oportunidad de aprender y de integrarse. El sue\u00f1o del director y de la asociaci\u00f3n es tener una propuesta pedag\u00f3gica y terap\u00e9utica para que las personas de la tercera edad que est\u00e1n en el hogar que en su mayor\u00eda provienen del campo; siendo jornaleros, campesinos destacando a mujeres campesinas solas que perdieron a su familia a quienes se les brinda esta opci\u00f3n ocupacional y de integraci\u00f3n que los conecta con la vida.<\/p>\n\n\n\n<p>A trav\u00e9s del proyecto se ha podido abrir un espacio a estas personas que tienen experiencia, conocimiento y saberes aut\u00e9nticos de como se trabaja la tierra, adem\u00e1s del gusto por el campo y el contacto con la tierra. Ha sido dif\u00edcil integrarlos al proceso no porque no les guste si no porque ellos sienten que su trabajo bonito que siempre ha hecho, no se sabe quien les ha da\u00f1ado el trabajo, no se sabe si es un vecino de las cercan\u00edas o alg\u00fan inconforme.<\/p>\n\n\n\n<p>Asmufare lleva a\u00f1o y medio desarrollando el proyecto y se ha descubierto que este lugar podr\u00eda estar mucho mejor si no se presentara \u00e9sta intervenci\u00f3n negativa de no se sabe qui\u00e9n y si los abuelos y las abuelas participaran un poco m\u00e1s. El centro el Carmen es importante porque est\u00e1 ubicado en la comuna No. 3 que es donde est\u00e1n la mayor\u00eda de las familias de Asmufare. Ah\u00ed en el centro, est\u00e1n los miembros de algunas de nuestras familias que no pueden tener a sus enfermos en discapacidad total o con enfermedades complejas y que ellos no&nbsp;los pueden atender como es debido ya que viven en asentamientos con dificultades econ\u00f3micas que no permiten una atenci\u00f3n digna.<\/p>\n\n\n\n<p>Una vez empezamos el desarrollo del proyecto se pudo destacar que ah\u00ed se encuentra mucha poblaci\u00f3n desplazada v\u00edctima del conflicto armado. Ellos no hablan de este tema por los traumas que esto gener\u00f3 en sus vidas; adicional a esta situaci\u00f3n el centro no cuenta con una caracterizaci\u00f3n de esta poblaci\u00f3n porque ellos no saben como hacerla, no han contado con la asesor\u00eda que permita este paso importante.<\/p>\n\n\n\n<p>La directora de Asmufare se dirigi\u00f3 a la oficina de victimas del parque Fundadores de Armenia y solicito a la Unidad de Victimas realizar dicho proceso. Desde la oficina le indicaron que la solicitud ten\u00eda que hacerla la direcci\u00f3n del centro y hacer la solicitud por escrito; el centro tiene tanta situaciones por resolver que se ha pasado el tiempo y no se ha hecho esta diligencia. Es importante que la administraci\u00f3n y el CDA la hagan porque de \u00e9sta manera se puede sacar provecho de la pol\u00edtica p\u00fablica de poblaci\u00f3n v\u00edctima desplazada pero sobre todo as\u00ed se puede hacer justicia y reparaci\u00f3n restaurativa a la poblaci\u00f3n que desconoce que tiene estos derechos y nunca han accedido a estas posibilidades.<\/p>\n\n\n\nngg_shortcode_0_placeholder\n","protected":false},"excerpt":{"rendered":"<p>Por: Adriana Garc\u00eda El proyecto inicia entre Asmufare y el centro con un acercamiento por una petici\u00f3n que hizo la asociaci\u00f3n al director Arcesio Campo &hellip; <\/p>\n","protected":false},"author":3,"featured_media":320,"comment_status":"closed","ping_status":"closed","sticky":false,"template":"","format":"standard","meta":{"ngg_post_thumbnail":0,"footnotes":""},"categories":[7],"tags":[40],"class_list":["post-309","post","type-post","status-publish","format-standard","has-post-thumbnail","hentry","category-1-festival-saberes-sabores-y-colores","tag-caracterizacion"],"_links":{"self":[{"href":"https:\/\/asmufare.org\/index.php?rest_route=\/wp\/v2\/posts\/309","targetHints":{"allow":["GET"]}}],"collection":[{"href":"https:\/\/asmufare.org\/index.php?rest_route=\/wp\/v2\/posts"}],"about":[{"href":"https:\/\/asmufare.org\/index.php?rest_route=\/wp\/v2\/types\/post"}],"author":[{"embeddable":true,"href":"https:\/\/asmufare.org\/index.php?rest_route=\/wp\/v2\/users\/3"}],"replies":[{"embeddable":true,"href":"https:\/\/asmufare.org\/index.php?rest_route=%2Fwp%2Fv2%2Fcomments&post=309"}],"version-history":[{"count":0,"href":"https:\/\/asmufare.org\/index.php?rest_route=\/wp\/v2\/posts\/309\/revisions"}],"wp:featuredmedia":[{"embeddable":true,"href":"https:\/\/asmufare.org\/index.php?rest_route=\/"}],"wp:attachment":[{"href":"https:\/\/asmufare.org\/index.php?rest_route=%2Fwp%2Fv2%2Fmedia&parent=309"}],"wp:term":[{"taxonomy":"category","embeddable":true,"href":"https:\/\/asmufare.org\/index.php?rest_route=%2Fwp%2Fv2%2Fcategories&post=309"},{"taxonomy":"post_tag","embeddable":true,"href":"https:\/\/asmufare.org\/index.php?rest_route=%2Fwp%2Fv2%2Ftags&post=309"}],"curies":[{"name":"wp","href":"https:\/\/api.w.org\/{rel}","templated":true}]}}