{"id":322,"date":"2023-10-13T18:16:12","date_gmt":"2023-10-13T23:16:12","guid":{"rendered":"https:\/\/asmufare.org\/?p=322"},"modified":"2023-10-13T18:16:12","modified_gmt":"2023-10-13T23:16:12","slug":"caracterizacion-barrio-las-colinas-armenia","status":"publish","type":"post","link":"https:\/\/asmufare.org\/?p=322","title":{"rendered":"Caracterizaci\u00f3n barrio Las Colinas Armenia"},"content":{"rendered":"\n<p><strong>Escrito por: Adriana Garc\u00eda<\/strong><\/p>\n\n\n\n<p>La asociaci\u00f3n Asmufare y mujeres multi\u00e9tnicas tiene entre sus asociados un 60% o 70% de familias de las Colinas que pertenecen a &nbsp;la comunidad Yanacona y tambi\u00e9n las hay&nbsp; de otras condiciones en particular familias campesinas desplazadas que tienen el sue\u00f1o de retornar a la tierra o que la siguen trabajando, \u00e9ste es el caso de las Colinas de todos los sectores pero particularmente en este barrio nuestras mujeres y familias est\u00e1n conformadas en su mayor\u00eda por los Yanaconas que se dedican al huerto medicinal, al cultivo, la construcci\u00f3n y algunos a la celadur\u00eda.<\/p>\n\n\n\n<p>Los asociados de las colinas se caracterizan en Asmufare por ser trabajadores toderos ya que se le miden a todo, a coger caf\u00e9, la vigilancia, la construcci\u00f3n y a trabajar todas las labores del campo. A las mujeres tambi\u00e9n les toca ayudar tanto en el campo como en la ciudad, y en la ciudad trabajan en casas de familia, otras estudian y llegan a terminar el bachillerato, los hijos de algunos de ellos est\u00e1n en la universidad.<\/p>\n\n\n\n<p>&nbsp;Hay mujeres que por necesidad ayudan en la construcci\u00f3n o se van para las fincas a trabajar como alimentadoras y en las labores del campo.<\/p>\n\n\n\n<p>En las colinas hay familias con diversidad entre sus miembros unos estudian y otros trabajan y desarrollan cultivos, otros se dedican a las artesan\u00edas.&nbsp; Se destacan por ser muy participativos dentro de la organizaci\u00f3n, participan activamente en todos los encuentros, en las mingas, en los talleres en las formaciones han hecho todo el proceso de acceso a tierras tienen listos su oficios a algunos les sali\u00f3 la tierra por el cabildo y se quedaron ah\u00ed, otros no aceptaron y quieren acceder a su tierra particular y otros est\u00e1n disponibles para participar si les sale una tierra colectiva en Asmufare, ellos tienen las tres posibilidades a pesar de que algunas veces se ha dicho que los que est\u00e9n en el cabildo no pueden estar en Asmufare porque son ind\u00edgenas,&nbsp; el abogado de la &nbsp;agencia de tierras en lo jur\u00eddico les dej\u00f3 muy claro a ellos &nbsp;antes que ind\u00edgenas son ciudadanos colombianos con todos los derechos como cualquier otro ciudadano y por eso pueden tomar una decisi\u00f3n en cuanto a la forma en que &nbsp;quieren su tierra y en qu\u00e9 lugar &nbsp;la quieren, si dentro del cabildo o dentro de Asmufare o quieren tener su tierra de forma particular. Otra &nbsp;de las &nbsp;particularidades de las Colinas es que es un barrio muy estigmatizado caracterizado entre una de las cinco zonas de Armenia con alertas tempranas una zona roja igual que lo es Patio Bonito Bajo, la Nueva Cecilia, el Allende, el Miraflores.<\/p>\n\n\n\n<p><\/p>\n\n\n\n<p>Un barrio en el que ocurren muchas cosas, situaciones que llaman la&nbsp; atenci\u00f3n como&nbsp;cuando ocurren casos que ameritan la intervenci\u00f3n de la polic\u00eda y responden que no se pueden meter al barrio porque son cabildo pero para otras cosas la polic\u00eda si se puede meter, dando paso a una ambivalencia incomprensible cuando hay maltrato a mujeres y ni\u00f1os algo que ha venido investigando de manera interna la asociaci\u00f3n con organizaciones a nivel nacional y la universidad con enfoque de g\u00e9nero y a partir de ah\u00ed se elabor\u00f3 el plan de pol\u00edtica publica de los a\u00f1os que vienen, tambi\u00e9n con la comisi\u00f3n de la verdad. El fen\u00f3meno de la violencia intrafamiliar en la comunidad ind\u00edgena tiene ra\u00edces en los procesos de violencia que los desarraigaron de sus tierras y los obligaron al desplazamiento y a adaptarse a otro lugar diferente al que construyeron sus vidas.<\/p>\n\n\n\n<p>Es un barrio donde el 70% es comunidad ind\u00edgena, a pesar de todos los presupuestos y proyectos que se han aprobado para vivienda, proyectos productivos y de desarrollo de estas comunidades la situaci\u00f3n de abandono de ellas sigue igual y empeorando.<\/p>\n\n\n\n<p>A qu\u00e9 se debe,&nbsp; es dif\u00edcil saber la causa pero la ra\u00edz de todo es que no haya realmente pol\u00edticas p\u00fablicas eficaces que corten de tajo eso de los estratos sociales que hacen creer a la gente que entre mas pobre sean m\u00e1s beneficios reciben y que si la gente empieza a estudiar y tiene un trabajo la sacan de todos los programas y de lo que necesita para medio vivir; en el caso de muchas familias de Asmufare les dieron es sisben antes de las elecciones y toda la gente qued\u00f3 por fuera de todo lo del Sena, los apoyos para el estudio y los subsidios pasando de ser poblaci\u00f3n vulnerable a poblaci\u00f3n que tienen un sisben c que es muy alto y no les permite acceder a ning\u00fan beneficio que ellos como comunidades ind\u00edgenas, poblaci\u00f3n desplazada, madres cabeza de familia que trabajan en casas deber\u00edan recibir para poder continuar sus estudios tanto de bachillerato como superiores o del Sena.<\/p>\n\n\n\n<p>En las Colinas Asmufare tiene m\u00fasicos, cultivadores, cogedores de caf\u00e9, artesanos y mujeres que preparan comidas que caracterizan la regi\u00f3n de donde vienen, son personas de sonrisa sincera y muy dispuestas a colaborar, aman la tierra y para ellos es su raz\u00f3n de ser, tienen conocimientos ancestrales sobre las plantas y sus poderes curativos y sabores a la hora de la preparaci\u00f3n de comidas. Alrededor de la maloca y los sembrados de plantas medicinales de la comunidad ind\u00edgena se han tejido vecindades que est\u00e1n aprendiendo de los poderes curativos de las plantas, as\u00ed como sus nombres y las formas de preparaci\u00f3n para que sean efectivas en el tratamiento de males f\u00edsicos como c\u00f3licos estomacales, dolores menstruales, musculares, de cabeza entre otros que padecen las personas porque se vive en una sociedad que estresa y se est\u00e1 alimentando mal dice Bibiana de la comunidad Yanacona que vive en el barrio en la comunidad ind\u00edgena del barrio las Colinas hace 17 a\u00f1os.<\/p>\n\n\n\n<p>&nbsp;Para el barrio la comunidad ind\u00edgena ah\u00ed asentada ha permitido vincular el conocimiento de las plantas con la importancia de cuidar los entornos ambientales y el valor de la tierra, porque los ind\u00edgenas les transmiten no solo el conocimiento ancestral del poder curativos de las plantas si no de c\u00f3mo se debe abonar la tierra, el cuidado que hay que brindar a las plantas para que germinen adecuadamente y se proteja sus hojas, tallos, ra\u00edces dependiendo de la parte que se use para preparar un t\u00e9 una colaci\u00f3n o&nbsp; una infusi\u00f3n que siempre se recomienda tomar endulzada con miel ya que el az\u00facar le puede hacer perder parte de la esencia curativa.<\/p>\n\n\n\n<p>Otra de las pr\u00e1cticas que vincula a la comunidad ind\u00edgena y habitantes del barrio y la ciudad para el tratamiento de los males del esp\u00edritu y del alma es el ritual del yaj\u00e9 que debe cumplir unos requisitos que se alinean con la luna, la fecha y la hora adem\u00e1s de las limpiezas del cuerpo que para dicho proceso debe estar en ayunas y haber tomado t\u00e9 de plantas semi amargas que se cultivan en la maloca.<\/p>\n\n\n\n<p>La comida ah\u00ed es org\u00e1nica y la tierra o madre tierra como la denominan se abona con los productos que quedan de la cocina y los aportes de las gallinas y pollos, se prepara coladas, sopas y guisos con el pl\u00e1tano, el ma\u00edz y las verduras que se dan en sus huertas dando as\u00ed valor a sus tradiciones culturales, art\u00edsticas sus conocimientos m\u00e9dicos y culinarios.<\/p>\n\n\n\n<p>El barrio las Colinas est\u00e1 ubicado en la comuna No. 8 de Armenia seg\u00fan estudios de la oficina de planeaci\u00f3n viven ah\u00ed unas 8.600 personas destac\u00e1ndose la comunidad ind\u00edgena que ah\u00ed habita en su gran mayor\u00eda producto del desplazamiento forzado.<\/p>\n\n\n\nngg_shortcode_0_placeholder\n","protected":false},"excerpt":{"rendered":"<p>Escrito por: Adriana Garc\u00eda La asociaci\u00f3n Asmufare y mujeres multi\u00e9tnicas tiene entre sus asociados un 60% o 70% de familias de las Colinas que pertenecen &hellip; <\/p>\n","protected":false},"author":3,"featured_media":327,"comment_status":"closed","ping_status":"closed","sticky":false,"template":"","format":"standard","meta":{"ngg_post_thumbnail":0,"footnotes":""},"categories":[7],"tags":[40],"class_list":["post-322","post","type-post","status-publish","format-standard","has-post-thumbnail","hentry","category-1-festival-saberes-sabores-y-colores","tag-caracterizacion"],"_links":{"self":[{"href":"https:\/\/asmufare.org\/index.php?rest_route=\/wp\/v2\/posts\/322","targetHints":{"allow":["GET"]}}],"collection":[{"href":"https:\/\/asmufare.org\/index.php?rest_route=\/wp\/v2\/posts"}],"about":[{"href":"https:\/\/asmufare.org\/index.php?rest_route=\/wp\/v2\/types\/post"}],"author":[{"embeddable":true,"href":"https:\/\/asmufare.org\/index.php?rest_route=\/wp\/v2\/users\/3"}],"replies":[{"embeddable":true,"href":"https:\/\/asmufare.org\/index.php?rest_route=%2Fwp%2Fv2%2Fcomments&post=322"}],"version-history":[{"count":0,"href":"https:\/\/asmufare.org\/index.php?rest_route=\/wp\/v2\/posts\/322\/revisions"}],"wp:featuredmedia":[{"embeddable":true,"href":"https:\/\/asmufare.org\/index.php?rest_route=\/"}],"wp:attachment":[{"href":"https:\/\/asmufare.org\/index.php?rest_route=%2Fwp%2Fv2%2Fmedia&parent=322"}],"wp:term":[{"taxonomy":"category","embeddable":true,"href":"https:\/\/asmufare.org\/index.php?rest_route=%2Fwp%2Fv2%2Fcategories&post=322"},{"taxonomy":"post_tag","embeddable":true,"href":"https:\/\/asmufare.org\/index.php?rest_route=%2Fwp%2Fv2%2Ftags&post=322"}],"curies":[{"name":"wp","href":"https:\/\/api.w.org\/{rel}","templated":true}]}}