{"id":330,"date":"2023-10-13T18:35:28","date_gmt":"2023-10-13T23:35:28","guid":{"rendered":"https:\/\/asmufare.org\/?p=330"},"modified":"2023-10-13T18:35:28","modified_gmt":"2023-10-13T23:35:28","slug":"caracterizacion-barrio-nuevo-armenia","status":"publish","type":"post","link":"https:\/\/asmufare.org\/?p=330","title":{"rendered":"Caracterizaci\u00f3n barrio Nuevo Armenia"},"content":{"rendered":"\n<p><strong>Escrito por: Adriana Garc\u00eda<\/strong><\/p>\n\n\n\n<p>La confluencia de identidades del barrio ha permitido unirse<br>en torno a un objetivo com\u00fan, la protecci\u00f3n de la ca\u00f1ada cuyas laderas de tierra f\u00e9rtil crearon el espacio propicio para la siembra de plantas ornamentales que identifican \u00e9sta parte de la ciudad y vincular as\u00ed el cultivo de frijol verde, ahuyama y sidra y hierba buena que se da como el monte pero los habitantes de los alrededores la usan para preparar agua de panela con las hojas, con la sidra se preparan los frijoles, se hace dulce se guisa y la auyama se usa en la cocina para preparar refrescos, tortas y salsas entre otras recetas con las que participar\u00e1n del festival de Sabores, saberes y colores. <\/p>\n\n\n\n<p>Para \u00e9stas familias campesinas, ind\u00edgenas y afros el entorno verde de la quebrada representa la vida y es el espacio para reunirse algunas veces para cuidar la tierra y mimarla limpi\u00e1ndola de la invasi\u00f3n de malezas, aqu\u00ed tienen las gallinas, los gatos y los perros un lugar para el contacto con la naturaleza, los encuentros, las reuniones y dem\u00e1s siempre tendr\u00e1n en la huerta, zona verde alrededor de la quebrada el sitio m\u00e1s atractivo para compartir adem\u00e1s de opiniones, Propuestas y proyectos los sue\u00f1os de una vida plena haciendo lo que m\u00e1s gusta que es estar siempre con contacto con la tierra. Se busca con este proceso caracterizar los saberes culturales, ancestrales de las comunidades campesinas e inter\u00e9tnicas de las familias Asmufare que viven en la ciudad de Armenia y en una juntanza hacer visibles nuestros saberes, sabores y colores durante el mes de octubre mes de la conmemoraci\u00f3n de la interculturalidad y la diversidad.<br>Se inicia as\u00ed en la reuni\u00f3n de Nuevo Armenia una experiencia de transici\u00f3n de Asmufare que naci\u00f3 como una asociaci\u00f3n de mujeres multi\u00e9tnicas de mujeres campesinas que habitan en asentamientos humanos con el prop\u00f3sito de organizarlas en la b\u00fasqueda de una ruta para la consecuci\u00f3n de tierra ya por el proceso de restituci\u00f3n porque muchas tienen sus tierras o por medio de la aplicaci\u00f3n del art\u00edculo 1 del acuerdo de paz que contiene una reforma rural integral o por otra propuesta que son las tierra colectivas porque muchas familias son inter\u00e9tnicas lo que da las facultades para pensar en una tierra propia; son siete a\u00f1os en un proceso que ha unido voluntades y quereres, eso no pone en camino a acceder a la tierra por cualquiera de las tres alternativa. Las familias de Asmufare tienen la posibilidad de acceder a la tierra ya que se viene trabajando de la mano con la Agencia Nacional de tierras con ese prop\u00f3sito. De acuerdo al Fiso y el Reso tenemos caracterizadas 60 familias unidas con un objetivo, acceder a la<br>tierra.<\/p>\n\n\n\n<p>Hoy se inicia la preparaci\u00f3n para del primer festival Saberes, sabores y colores con el objetivo de visibilizar los saberes ancestrales de las comunidades campesinas inter \u00e9tnicas, el saber de la guadua, de la agricultura, de los abonos org\u00e1nicos del cuidado del agua y de la Pacha mama. Los sabores son esas gastronom\u00edas pacificas, \u00e9tnicas, campesinas esas comidas que recuerdan al campo. Y los colores tienen que ver con lo que produce la tierra, los colores de las semillas, de los frutos, del r\u00edo, de los \u00e1rboles; los colores Asmufare los tiene como una unidad productiva que es el vivero integral, los sabores se tienen como otra unidad productiva que es natural Cid o de la huerta, y los saberes para la asociaci\u00f3n son otra unidad productiva que se llama la vaguada que la bio construcci\u00f3n, artesan\u00eda y dem\u00e1s a partir de la guadua y la selvicultura que es el cuidado del guadual y la quebrada, siendo estas las partes que integran los objetivos del primer festival de sabores, saberes y colores.<\/p>\n\n\n\nngg_shortcode_0_placeholder\n","protected":false},"excerpt":{"rendered":"<p>Escrito por: Adriana Garc\u00eda La confluencia de identidades del barrio ha permitido unirseen torno a un objetivo com\u00fan, la protecci\u00f3n de la ca\u00f1ada cuyas laderas &hellip; <\/p>\n","protected":false},"author":3,"featured_media":335,"comment_status":"closed","ping_status":"closed","sticky":false,"template":"","format":"standard","meta":{"ngg_post_thumbnail":0,"footnotes":""},"categories":[7,13],"tags":[],"class_list":["post-330","post","type-post","status-publish","format-standard","has-post-thumbnail","hentry","category-1-festival-saberes-sabores-y-colores","category-asentamientos-humanos"],"_links":{"self":[{"href":"https:\/\/asmufare.org\/index.php?rest_route=\/wp\/v2\/posts\/330","targetHints":{"allow":["GET"]}}],"collection":[{"href":"https:\/\/asmufare.org\/index.php?rest_route=\/wp\/v2\/posts"}],"about":[{"href":"https:\/\/asmufare.org\/index.php?rest_route=\/wp\/v2\/types\/post"}],"author":[{"embeddable":true,"href":"https:\/\/asmufare.org\/index.php?rest_route=\/wp\/v2\/users\/3"}],"replies":[{"embeddable":true,"href":"https:\/\/asmufare.org\/index.php?rest_route=%2Fwp%2Fv2%2Fcomments&post=330"}],"version-history":[{"count":0,"href":"https:\/\/asmufare.org\/index.php?rest_route=\/wp\/v2\/posts\/330\/revisions"}],"wp:featuredmedia":[{"embeddable":true,"href":"https:\/\/asmufare.org\/index.php?rest_route=\/"}],"wp:attachment":[{"href":"https:\/\/asmufare.org\/index.php?rest_route=%2Fwp%2Fv2%2Fmedia&parent=330"}],"wp:term":[{"taxonomy":"category","embeddable":true,"href":"https:\/\/asmufare.org\/index.php?rest_route=%2Fwp%2Fv2%2Fcategories&post=330"},{"taxonomy":"post_tag","embeddable":true,"href":"https:\/\/asmufare.org\/index.php?rest_route=%2Fwp%2Fv2%2Ftags&post=330"}],"curies":[{"name":"wp","href":"https:\/\/api.w.org\/{rel}","templated":true}]}}